{"id":1496,"date":"2022-07-19T14:44:00","date_gmt":"2022-07-19T14:44:00","guid":{"rendered":"http:\/\/globalcommercium.ro\/?p=1496"},"modified":"2022-07-29T12:31:36","modified_gmt":"2022-07-29T12:31:36","slug":"anunt-privind-lansarea-activitatii-a1-identificare-grup-tinta-si-selectie-grup-tinta-in-cadrul-proiectului-masuri-de-ocupare-si-antreprenoriat-pentru-tinerii-neets-master-neets","status":"publish","type":"post","link":"https:\/\/globalcommercium.ro\/?p=1496","title":{"rendered":"ANUNT privind lansarea activitatii A1 \u2013 Identificare grup \u021bint\u0103 \u0219i selec\u021bie grup \u021bint\u0103 in cadrul proiectului \u201cMASuri de ocupare si antreprenoriat pentru TineRii NEETs &#8211; MASTER NEETs\u201d \u2013 MySMIS 154420"},"content":{"rendered":"\n<p>Proiect co-finan\u021bat din&nbsp;Programul Opera\u021bional Capital Uman 2014 \u2013 2020<\/p>\n\n\n\n<p>Axa prioritar\u0103 1 \u2013 Ini\u021biativa \u201cLocuri de munc\u0103 pentru tineri&#8221;<\/p>\n\n\n\n<p>OS. 1.1 Cre\u0219terea ocup\u0103rii tinerilor NEETs \u0219omeri cu v\u00e2rsta \u00eentre 16-29 ani, \u00eenregistra\u021bi la Serviciul Public de Ocupare, cu reziden\u021ba \u00een regiunile eligibile;<\/p>\n\n\n\n<p>OS. 1.2 Imbun\u0103t\u0103\u021birea nivelului de competen\u021be, inclusiv prin evaluarea \u0219i certificarea competen\u021belor dob\u00e2ndite \u00een sistem non-formal \u0219i informal al tinerilor NEETs \u0219omeri cu v\u0103rsta \u00eentre 16-29 ani, \u00eenregistra\u021bi la Serviciul Public de Ocupare, cu reziden\u021ba \u00een regiunea Sud-Est (cu jude\u021bele aferente).<\/p>\n\n\n\n<p><strong>GLOBAL COMMERCIUM DEVELOPEMENT SRL in parteneriat cu Membru 1 &#8211; Agentia Judeteana pentru Ocuparea Fortei de Munca Tulcea si cu Membru 2 \u2013 Asocia\u021bia ASCEND <\/strong>implementeaza in perioada iunie 2022 \u2013 noiembrie 2023, proiectul <strong>\u2019\u2019 MASuri de ocupare si antreprenoriat pentru TineRii NEETs &#8211; MASTER NEETs\u2019\u2019<\/strong><strong>, <\/strong>av\u00e2nd ca obiectiv Cre\u0219terea gradului de ocupare \u0219i a nivelului de competen\u021be a cel pu\u021bin 371 tineri NEETs \u0219omeri, cu v\u00e2rsta \u00eentre 16 &#8211; 29 ani, \u00eenregistra\u021bi la Serviciul Public de Ocupare, cu reziden\u021ba \u00een regiunea Sud Est, prin asistare complex\u0103 &amp; integrat\u0103 (informare, formare, servicii specializate pentru ocupare, dezvoltare afaceri etc.).<\/p>\n\n\n\n<p>&nbsp;&nbsp;&nbsp;&nbsp;&nbsp;&nbsp; Activitatea urm\u0103reste informarea tinerilor \u00een vederea identific\u0103rii celor cu v\u00e2rsta \u00eentre 16 \u015fi 29 de ani care nu sunt ocupa\u0163i \u015fi nu urmeaz\u0103 nici o form\u0103 de educa\u0163ie sau formare cu scopul direc\u0163ion\u0103rii acestora c\u0103tre SPO \u00een vederea \u00eenregistr\u0103rii \u015fi profil\u0103rii: se organizeaza intalniri de prezentare a proiectului, se distribuie materiale de informare \u015fi promovare; se deruleaza cel putin 2 evenimente de informare; se public\u0103 periodic anun\u021buri in cadrul a diverse portaluri on-line din regiunea vizat\u0103 de proiect, se distribuie continuu materiale publicitare (fly-ere, afi\u0219e), se public\u0103 periodic informa\u021bii relevante pe site-urile celor 3 parteneri implica\u021bi \u00een proiect \/ paginile FB ale solicitantului \u0219i partenerilor, se identific\u0103 si recruteaz\u0103 persoane eligibile.<\/p>\n\n\n\n<p>Pentru a fi eligibil in grupul \u021bint\u0103, la data intr\u0103rii \u00een opera\u021biune, o persoan\u0103 trebuie s\u0103 \u00eendeplineasc\u0103 \u00een mod cumulativ urm\u0103toarele condi\u021bii:<\/p>\n\n\n\n<ul><li>S\u0103 fie t\u00e2n\u0103r NEETs cu v\u00e2rsta cuprins\u0103 \u00eentre 16 si 29 de ani.<\/li><li>S\u0103 fie \u00eenregistrat \u0219i profilat de Serviciul Public de Ocupare (SPO);<\/li><li>S\u0103 aib\u0103 domiciliul sau re\u0219edin\u021ba \u00een regiunile de dezvoltare vizate de proiect (Sud Est).<\/li><\/ul>\n\n\n\n<p>Pentru detalii suplimentare ne pute\u021bi contacta la:<\/p>\n\n\n\n<p>Daniel Cosmin Com\u0103ni\u021b\u0103, Manager proiect: <a>&nbsp;<\/a><a href=\"mailto:info@globalcommercium.ro\">info@globalcommercium.ro<\/a>; <a href=\"http:\/\/www.globalcommercium.ro\">www.globalcommercium.ro<\/a><\/p>\n\n\n\n<p>Tel: 0371 600 421<\/p>\n\n\n\n<p><strong>Proiect co-finan\u021bat din\u00a0 Fondul Social European prin\u00a0Programul Opera\u021bional Capital Uman 2014 \u2013 2020<\/strong><\/p>\n\n\n\n<div class=\"wp-block-file\"><object class=\"wp-block-file__embed\" data=\"http:\/\/globalcommercium.ro\/wp-content\/uploads\/2022\/07\/Anunt-A1_154420_iulie-2022.pdf\" type=\"application\/pdf\" style=\"width:100%;height:600px\" aria-label=\"\u00cenglobare pentru Anunt-A1_154420_iulie-2022.\"><\/object><a href=\"http:\/\/globalcommercium.ro\/wp-content\/uploads\/2022\/07\/Anunt-A1_154420_iulie-2022.pdf\">Anunt-A1_154420_iulie-2022<\/a><a href=\"http:\/\/globalcommercium.ro\/wp-content\/uploads\/2022\/07\/Anunt-A1_154420_iulie-2022.pdf\" class=\"wp-block-file__button\" download>Descarc\u0103<\/a><\/div>\n\n\n","protected":false},"excerpt":{"rendered":"<p>Proiect co-finan\u021bat din&nbsp;Programul Opera\u021bional Capital Uman 2014 \u2013 2020 Axa prioritar\u0103 1 \u2013 Ini\u021biativa \u201cLocuri de munc\u0103 pentru tineri&#8221; OS. 1.1 Cre\u0219terea ocup\u0103rii tinerilor NEETs \u0219omeri cu v\u00e2rsta \u00eentre 16-29 [&hellip;]<\/p>\n","protected":false},"author":1,"featured_media":0,"comment_status":"closed","ping_status":"closed","sticky":false,"template":"","format":"standard","meta":[],"categories":[11],"tags":[],"_links":{"self":[{"href":"https:\/\/globalcommercium.ro\/index.php?rest_route=\/wp\/v2\/posts\/1496"}],"collection":[{"href":"https:\/\/globalcommercium.ro\/index.php?rest_route=\/wp\/v2\/posts"}],"about":[{"href":"https:\/\/globalcommercium.ro\/index.php?rest_route=\/wp\/v2\/types\/post"}],"author":[{"embeddable":true,"href":"https:\/\/globalcommercium.ro\/index.php?rest_route=\/wp\/v2\/users\/1"}],"replies":[{"embeddable":true,"href":"https:\/\/globalcommercium.ro\/index.php?rest_route=%2Fwp%2Fv2%2Fcomments&post=1496"}],"version-history":[{"count":3,"href":"https:\/\/globalcommercium.ro\/index.php?rest_route=\/wp\/v2\/posts\/1496\/revisions"}],"predecessor-version":[{"id":1500,"href":"https:\/\/globalcommercium.ro\/index.php?rest_route=\/wp\/v2\/posts\/1496\/revisions\/1500"}],"wp:attachment":[{"href":"https:\/\/globalcommercium.ro\/index.php?rest_route=%2Fwp%2Fv2%2Fmedia&parent=1496"}],"wp:term":[{"taxonomy":"category","embeddable":true,"href":"https:\/\/globalcommercium.ro\/index.php?rest_route=%2Fwp%2Fv2%2Fcategories&post=1496"},{"taxonomy":"post_tag","embeddable":true,"href":"https:\/\/globalcommercium.ro\/index.php?rest_route=%2Fwp%2Fv2%2Ftags&post=1496"}],"curies":[{"name":"wp","href":"https:\/\/api.w.org\/{rel}","templated":true}]}}