{"id":1492,"date":"2022-06-29T12:23:00","date_gmt":"2022-06-29T12:23:00","guid":{"rendered":"http:\/\/globalcommercium.ro\/?p=1492"},"modified":"2022-07-29T12:32:10","modified_gmt":"2022-07-29T12:32:10","slug":"comunicat-de-presa-la-inceperea-proiectului-masuri-de-ocupare-si-antreprenoriat-pentru-tinerii-neets-master-neets-mysmis-154420","status":"publish","type":"post","link":"https:\/\/globalcommercium.ro\/?p=1492","title":{"rendered":"Comunicat de presa la inceperea proiectului \u201cMASuri de ocupare si antreprenoriat pentru TineRii NEETs &#8211; MASTER NEETs\u201d \u2013 MySMIS 154420"},"content":{"rendered":"\n<p>Comunicat de presa la inceperea proiectului Proiect cofinan\u021bat din Fondul Social European prin Programul Opera\u021bional Capital Uman 2014 \u2013 2020<\/p>\n\n\n\n<p><br><strong>S.C. Global Commercium Development S.R.L<\/strong>, \u00een calitate de beneficiar, \u00een parteneriat cu Agen\u021bia Jude\u021bean\u0103 pentru Ocuparea For\u021bei de Munc\u0103 Tulcea (AJOFM Tulcea) \u2013 Partener 1, Asocia\u021bia ASCEND \u2013 Partener 2, anun\u021b\u0103 \u00eenceperea implement\u0103rii proiectului \u2019\u2019MASuri de ocupare si antreprenoriat pentru TineRii NEETs &#8211; MASTER NEETs\u2019\u2019 &#8211; ID 154420.<\/p>\n\n\n\n<p><strong>Obiectivul general<\/strong> al proiectului urm\u0103re\u0219te cre\u0219terea gradului de ocupare \u0219i a nivelului de competen\u021be a cel pu\u021bin 371 tineri NEETs \u0219omeri, cu v\u00e2rsta \u00eentre 16 \u2013 29 ani, \u00eenregistra\u021bi si profilati la Serviciul Public de Ocupare, cu reziden\u021b\u0103 \u00een regiunea Sud-Est, prin asistare complex\u0103 &amp; integrat\u0103 (informare, formare, servicii specializate pentru ocupare, dezvoltare afaceri etc.).<\/p>\n\n\n\n<p><strong>Activit\u0103\u021bile proiectului<\/strong> se deruleaz\u0103 pe o perioad\u0103 de 18 luni, 29 iunie 2022 \u2013 28 decembrie 2023, \u00een regiunea Sud Est, \u0219i vor presupune, printre altele:<\/p>\n\n\n\n<ul><li>desf\u0103\u0219urarea unei campanii de informare \u0219i promovare \u00een r\u00e2ndul tinerilor NEETs;<\/li><li>organizarea \u0219i derularea de programe de formare profesional\u0103 continu\u0103 a adul\u021bilor &#8211; ANC;<\/li><li>furnizarea de servicii specializate pentru stimularea ocup\u0103rii;<\/li><li>sus\u021binerea antreprenoriatului, inclusiv a ocup\u0103rii pe cont-propriu, prin acordarea de&nbsp; subven\u021bii de minimis pentru 10 tineri NEETs certifica\u021bi formare antreprenorial\u0103, selecta\u021bi pe baza planurilor de afaceri propuse de c\u0103tre ace\u0219tia pentru a ini\u021bia \/ demara o afacere proprie.<\/li><\/ul>\n\n\n\n<p><strong>Grupul \u021aint\u0103<\/strong> este alc\u0103tuit din 371 tineri NEETs provenind din regiunea Sud Est, cu v\u00e2rste cuprinse \u00eentre 16 \u0219i 29 de ani, \u0219omeri, \u00eenregistra\u021bi si profilati la Serviciul Public de Ocupare, dintre care 38 vor fi tineri apar\u021bin\u00e2nd minorit\u0103\u021bii rome, 75 vor fi tineri din mediul rural \u0219i cel pu\u021bin 112 vor fi tineri NEETs care au niveluri de ocupabilitate C \u0219i D, respectiv \u201cgreu ocupabil\u201d \u0219i \u201cfoarte greu ocupabil\u201d.<\/p>\n\n\n\n<p>Rezultatele principale ale proiectului sunt urm\u0103toarele:<\/p>\n\n\n\n<ul><li>371 tineri NEETs sunt informa\u021bi, \u00eenregistra\u021bi \u0219i beneficiaz\u0103 de servicii personalizate specializate pentru stimularea ocup\u0103rii;<\/li><li>190 tineri NEETs sunt integra\u021bi \u00een programe de formare profesional\u0103 a adul\u021bilor, 40 tineri NEETs \u00een programe de formare antreprenorial\u0103;<\/li><li>160 tineri NEETs au acces direct la ocupare;<\/li><li>10 afaceri infiintate.<\/li><\/ul>\n\n\n\n<p><strong>Valoarea total\u0103<\/strong> a proiectului: <a>4.949.211,22 <\/a>lei<\/p>\n\n\n\n<p>Valoarea finan\u021b\u0103rii nerambursabile: 4.460.884,99 lei<\/p>\n\n\n\n<p><strong>Date de contact<\/strong>: Manager Proiect: Daniel Cosmin Com\u0103ni\u021b\u0103, Global Commercium Development S.R.L., Telefon: 0371 600 421, E-mail: <a href=\"mailto:info@globalcommercium.ro\">info@globalcommercium.ro<\/a><\/p>\n\n\n\n<div class=\"wp-block-file\"><object class=\"wp-block-file__embed\" data=\"http:\/\/globalcommercium.ro\/wp-content\/uploads\/2022\/07\/Comunicat_de_Presa_incepere-proiect-154420-29.06.2022.pdf\" type=\"application\/pdf\" style=\"width:100%;height:600px\" aria-label=\"\u00cenglobare pentru Comunicat_de_Presa_incepere-proiect-154420-29.06.2022.\"><\/object><a href=\"http:\/\/globalcommercium.ro\/wp-content\/uploads\/2022\/07\/Comunicat_de_Presa_incepere-proiect-154420-29.06.2022.pdf\">Comunicat_de_Presa_incepere-proiect-154420-29.06.2022<\/a><a href=\"http:\/\/globalcommercium.ro\/wp-content\/uploads\/2022\/07\/Comunicat_de_Presa_incepere-proiect-154420-29.06.2022.pdf\" class=\"wp-block-file__button\" download>Descarc\u0103<\/a><\/div>\n","protected":false},"excerpt":{"rendered":"<p>Comunicat de presa la inceperea proiectului Proiect cofinan\u021bat din Fondul Social European prin Programul Opera\u021bional Capital Uman 2014 \u2013 2020 S.C. Global Commercium Development S.R.L, \u00een calitate de beneficiar, \u00een [&hellip;]<\/p>\n","protected":false},"author":1,"featured_media":0,"comment_status":"closed","ping_status":"closed","sticky":false,"template":"","format":"standard","meta":[],"categories":[11],"tags":[],"_links":{"self":[{"href":"https:\/\/globalcommercium.ro\/index.php?rest_route=\/wp\/v2\/posts\/1492"}],"collection":[{"href":"https:\/\/globalcommercium.ro\/index.php?rest_route=\/wp\/v2\/posts"}],"about":[{"href":"https:\/\/globalcommercium.ro\/index.php?rest_route=\/wp\/v2\/types\/post"}],"author":[{"embeddable":true,"href":"https:\/\/globalcommercium.ro\/index.php?rest_route=\/wp\/v2\/users\/1"}],"replies":[{"embeddable":true,"href":"https:\/\/globalcommercium.ro\/index.php?rest_route=%2Fwp%2Fv2%2Fcomments&post=1492"}],"version-history":[{"count":2,"href":"https:\/\/globalcommercium.ro\/index.php?rest_route=\/wp\/v2\/posts\/1492\/revisions"}],"predecessor-version":[{"id":1501,"href":"https:\/\/globalcommercium.ro\/index.php?rest_route=\/wp\/v2\/posts\/1492\/revisions\/1501"}],"wp:attachment":[{"href":"https:\/\/globalcommercium.ro\/index.php?rest_route=%2Fwp%2Fv2%2Fmedia&parent=1492"}],"wp:term":[{"taxonomy":"category","embeddable":true,"href":"https:\/\/globalcommercium.ro\/index.php?rest_route=%2Fwp%2Fv2%2Fcategories&post=1492"},{"taxonomy":"post_tag","embeddable":true,"href":"https:\/\/globalcommercium.ro\/index.php?rest_route=%2Fwp%2Fv2%2Ftags&post=1492"}],"curies":[{"name":"wp","href":"https:\/\/api.w.org\/{rel}","templated":true}]}}