{"id":2194,"date":"2025-09-20T15:14:00","date_gmt":"2025-09-20T15:14:00","guid":{"rendered":"https:\/\/globalcommercium.ro\/?p=2194"},"modified":"2026-04-20T15:16:59","modified_gmt":"2026-04-20T15:16:59","slug":"comunicat-de-presa-la-lansarea-proiectului-sigma-servicii-integrate-pentru-persoane-dezavantajate-pe-piata-muncii-id-333367","status":"publish","type":"post","link":"http:\/\/globalcommercium.ro\/?p=2194","title":{"rendered":"Comunicat de presa la lansarea proiectului \u201eSIGMA-Servicii InteGrate pentru persoane dezavantajate pe piata Muncii, ID 333367"},"content":{"rendered":"\n<p>Proiect: <strong><em>\u201eSIGMA-Servicii InteGrate pentru persoane dezavantajate pe piata Muncii, ID 333367<\/em><\/strong>, co-finan\u021bat Programul Educa\u021bie \u0219i Ocupare, Prioritate: <a>P03 \u201eCre\u0219terea accesului pe pia\u021ba muncii pentru to\u021bi\u201c<\/a>, Obiectiv specific: <a>ESO4.1. \u201e\u00cembun\u0103t\u0103\u021birea accesului la pia\u021ba muncii \u0219i m\u0103suri de activare pentru toate persoanele aflate \u00een c\u0103utarea unui loc de munc\u0103, \u00een special pentru tineri, \u00eendeosebi prin implementarea Garan\u021bei pentru tineret, pentru \u0219omerii de lung\u0103 durat\u0103 \u0219i grupurile defavorizate de pe pia\u021ba muncii \u0219i pentru persoanele inactive, precum \u0219i prin promovarea desf\u0103\u0219ur\u0103rii de activit\u0103\u021bi independente \u0219i a economiei sociale (FSE+)\u201d<\/a>m\u0103sura 3.a.1.2 Furnizarea de m\u0103suri active \u00een pachete de servicii integrate PEO\/409\/PEO_P3\/OP4\/ESO4.1\/PEO_A32 &#8211; <a><\/a><a>Sprijin pentru stimularea ocup\u0103rii prin furnizarea de m\u0103suri active \u00een pachete de servicii integrate<\/a> &#8211; Regiuni mai pu\u021bin dezvoltate<\/p>\n\n\n\n<p><strong>GLOBAL COMMERCIUM DEVELOPMENT SRL \u00een parteneriat cu Agentia Judeteana pentru Ocuparea Fortei de Munca Prahova<\/strong> lanseaz\u0103 proiectul \u201eSIGMA-Servicii InteGrate pentru persoane dezavantajate pe piata Muncii, ID 333367, av\u00e2nd ca <strong>obiectiv general<\/strong> cresterea gradului de ocupare si a nivelului de competente a cel putin 300 persoane inactive, tineri cu v\u00e2rsta de peste 30 ani, \u0219omeri, \u0219omeri de lunga durat\u0103, \u0219omeri cu nivel redus de competen\u021be, persoane cu handicap, persoane din comunit\u0103\u021bi marginalizate, persoane din zone rurale, persoane cu v\u00e2rsta peste 55 de ani, persoane re\u00eentoarse \u00een \u021bar\u0103, persoane apar\u021bin\u00e2nd minorit\u0103\u021bilor, persoane eliberate din deten\u021bie, refugia\u021bi \u0219i persoane beneficiare ale unei forme de protec\u021bie interna\u021bional\u0103, din regiunile Sud Muntenia \u0219i Sud-Vest Oltenia, prin interventii complexe&amp;integrate (informare, formare, servicii specializate pentru ocupare, masuri de acompaniament etc.).<\/p>\n\n\n\n<p><strong>Perioada de implementare:<\/strong> 01.09.2025 \u2013 29.02.2028 (30 de luni)<\/p>\n\n\n\n<p><strong>Valoarea eligibil\u0103 total\u0103<\/strong>: 4.963.598,94 lei, din care 12.467.700,85 LEI reprezinta valoarea eligibil\u0103 nerambursabil\u0103 din FSE+ \u0219i 4.581.639,81 LEI reprezinta valoarea eligibil\u0103 nerambursabil\u0103 din bugetul na\u021bional, iar 382.058,13 LEI reprezin\u021b\u0103 cofinan\u021barea.<\/p>\n\n\n\n<p><strong>Grupul \u021bint\u0103 al proiectului<\/strong> este format din persoane cu v\u00e2rsta cuprins\u0103 \u00eentre 18 \u0219i 65 ani, care sunt incadrate in urmatoarele categorii: persoane inactive, tineri cu v\u00e2rsta de peste 30 ani (conf. Legii tinerilor nr. 350\/2006, cu modific\u0103rile \u0219i complet\u0103rile ulterioare, prin tineri se \u00een\u021beleg cet\u0103\u021benii cu v\u00e2rsta p\u00e2n\u0103 \u00een 35 de ani), \u0219omeri, \u0219omeri de lunga durat\u0103, \u0219omeri cu nivel redus de competen\u021be, persoane cu handicapat, persoane din comunit\u0103\u021bi marginalizate, persoane din zone rurale, persoane cu v\u00e2rsta peste 55 de ani, persoane re\u00eentoarse \u00een \u021bar\u0103, persoane apar\u021bin\u00e2nd minorit\u0103\u021bilor, persoane eliberate din deten\u021bie, refugia\u021bi \u0219i persoane beneficiare ale unei forme de protec\u021bie interna\u021bional\u0103, din regiunile Sud Muntenia si Sud-Vest Oltenia.<\/p>\n\n\n\n<p>Proiectul <strong><em>\u201eSIGMA-Servicii InteGrate pentru persoane dezavantajate pe piata Muncii, ID 333367,<\/em><\/strong> propune o serie de activit\u0103\u021bi relevante pentru atingerea obiectivului general al proiectului \u0219i implicit atingerea Obiectivului Specific ESO4.1 al Programului Educa\u021bie \u0219i Ocupare, la care vor participa persoanele selectate \u00een grupul \u021bint\u0103.<\/p>\n\n\n\n<ul><li>A.0 Realizarea analizei de nevoi ini\u021biale \u00een vederea identific\u0103rii necesarului de formare profesional\u0103 pentru persoanele din grupul \u021bint\u0103 <strong><\/strong><\/li><li>A0.1. Managementul general al proiectului<strong><\/strong><\/li><li>A 0.2 Informare \u0219i publicitate proiect<strong><\/strong><\/li><li>A0.3. Decontarea cheltuielilor indirecte<strong><\/strong><\/li><li>A0.4. Identificare si selectare grup tinta<strong><\/strong><\/li><li>A1. Furnizarea de servicii specializate pentru stimularea ocup\u0103rii for\u021bei de munc\u0103 \u0219i cre\u0219terea \u0219anselor de ocupare a persoanelor \u00een c\u0103utarea unui loc de munc\u0103<strong><\/strong><\/li><li>A2 Organizarea \u0219i derularea de programe de formare profesional\u0103 pentru persoanele din grupul \u021bint\u0103<strong><\/strong><\/li><\/ul>\n\n\n\n<p><strong>Pentru mai multe informa\u021bii despre proiectul \u201eSIGMA-Servicii InteGrate pentru persoane dezavantajate pe piata Muncii, ID 333367, v\u0103 rug\u0103m s\u0103 utiliza\u021bi urm\u0103toarele<\/strong><strong> date de contact:<\/strong><\/p>\n\n\n\n<p>E-mail: <a href=\"mailto:info@globalcommercium.ro\">info@globalcommercium.ro<\/a>, <a href=\"mailto:mihaela.bobaru.ph@anofm.gov.ro\">mihaela.bobaru.ph@anofm.gov.ro<\/a>. Telefon: \u00a00371 600 421, 031 425 64 26.<\/p>\n\n\n\n<div class=\"wp-block-file\"><object class=\"wp-block-file__embed\" data=\"https:\/\/globalcommercium.ro\/wp-content\/uploads\/2026\/04\/Comunicat-presa_333367.pdf\" type=\"application\/pdf\" style=\"width:100%;height:600px\" aria-label=\"\u00cenglobare pentru Comunicat-presa_333367.\"><\/object><a href=\"https:\/\/globalcommercium.ro\/wp-content\/uploads\/2026\/04\/Comunicat-presa_333367.pdf\">Comunicat-presa_333367<\/a><a href=\"https:\/\/globalcommercium.ro\/wp-content\/uploads\/2026\/04\/Comunicat-presa_333367.pdf\" class=\"wp-block-file__button\" download>Descarc\u0103<\/a><\/div>\n","protected":false},"excerpt":{"rendered":"<p>Proiect: \u201eSIGMA-Servicii InteGrate pentru persoane dezavantajate pe piata Muncii, ID 333367, co-finan\u021bat Programul Educa\u021bie \u0219i Ocupare, Prioritate: P03 \u201eCre\u0219terea accesului pe pia\u021ba muncii pentru to\u021bi\u201c, Obiectiv specific: ESO4.1. \u201e\u00cembun\u0103t\u0103\u021birea accesului [&hellip;]<\/p>\n","protected":false},"author":1,"featured_media":0,"comment_status":"closed","ping_status":"closed","sticky":false,"template":"","format":"standard","meta":[],"categories":[11],"tags":[],"_links":{"self":[{"href":"http:\/\/globalcommercium.ro\/index.php?rest_route=\/wp\/v2\/posts\/2194"}],"collection":[{"href":"http:\/\/globalcommercium.ro\/index.php?rest_route=\/wp\/v2\/posts"}],"about":[{"href":"http:\/\/globalcommercium.ro\/index.php?rest_route=\/wp\/v2\/types\/post"}],"author":[{"embeddable":true,"href":"http:\/\/globalcommercium.ro\/index.php?rest_route=\/wp\/v2\/users\/1"}],"replies":[{"embeddable":true,"href":"http:\/\/globalcommercium.ro\/index.php?rest_route=%2Fwp%2Fv2%2Fcomments&post=2194"}],"version-history":[{"count":1,"href":"http:\/\/globalcommercium.ro\/index.php?rest_route=\/wp\/v2\/posts\/2194\/revisions"}],"predecessor-version":[{"id":2196,"href":"http:\/\/globalcommercium.ro\/index.php?rest_route=\/wp\/v2\/posts\/2194\/revisions\/2196"}],"wp:attachment":[{"href":"http:\/\/globalcommercium.ro\/index.php?rest_route=%2Fwp%2Fv2%2Fmedia&parent=2194"}],"wp:term":[{"taxonomy":"category","embeddable":true,"href":"http:\/\/globalcommercium.ro\/index.php?rest_route=%2Fwp%2Fv2%2Fcategories&post=2194"},{"taxonomy":"post_tag","embeddable":true,"href":"http:\/\/globalcommercium.ro\/index.php?rest_route=%2Fwp%2Fv2%2Ftags&post=2194"}],"curies":[{"name":"wp","href":"https:\/\/api.w.org\/{rel}","templated":true}]}}