{"id":1990,"date":"2025-06-16T15:07:00","date_gmt":"2025-06-16T15:07:00","guid":{"rendered":"https:\/\/globalcommercium.ro\/?p=1990"},"modified":"2025-08-04T20:08:08","modified_gmt":"2025-08-04T20:08:08","slug":"proiect-pro-digcomp-pentru-piata-muncii-din-regiunile-sud-muntenia-si-sud-vest-oltenia","status":"publish","type":"post","link":"http:\/\/globalcommercium.ro\/?p=1990","title":{"rendered":"Proiect \u201ePRO-DigComp pentru piata muncii din Regiunile Sud Muntenia \u0219i Sud-Vest Oltenia\u201d"},"content":{"rendered":"\n<p><strong>ID 337083<\/strong><\/p>\n\n\n\n<p><strong>Lider: GLOBAL COMMERCIUM DEVELOPMENT SRL<\/strong><\/p>\n\n\n\n<p><strong>&nbsp;&nbsp;&nbsp;&nbsp;&nbsp;&nbsp;&nbsp;&nbsp;&nbsp;&nbsp;&nbsp;&nbsp;&nbsp; Partener: ASOCIA\u021aIA DE TINERET PENTRU \u00ceNV\u0102\u021a\u0102M\u00c2NT \u0218I \u0218TIIN\u021a\u0102 SOLARIS<\/strong><\/p>\n\n\n\n<p>&nbsp;&nbsp;&nbsp;&nbsp;&nbsp;&nbsp;&nbsp;&nbsp;&nbsp;&nbsp;&nbsp;&nbsp;&nbsp;&nbsp;&nbsp; <strong><em>Proiect cofinan\u0163at de Uniunea European\u0103 prin Fondul Social European Plus (FSE+)<\/em><\/strong><\/p>\n\n\n\n<p><strong><em>Programul Educa\u021bie \u0219i Ocupare 2021-2027 <\/em><\/strong><em><\/em><\/p>\n\n\n\n<p><strong>Obiectivul general al proiectului:<\/strong><strong><\/strong><\/p>\n\n\n\n<p>&#8211; \u00eembun\u0103t\u0103\u021birea nivelului de competen\u021be digitale pentru 601 persoane persoane cu v\u00e2rsta cuprins\u0103 \u00eentre 18 \u0219i 65 ani, care de\u021bin calitatea de angaja\u021bi cu contract individual de munc\u0103 (cu norm\u0103 \u00eentreag\u0103 sau cu timp par\u021bial), inclusiv persoane care ocup\u0103 pozi\u021bii de management, ce provin din \u00eentreprinderi publice \u0219i private din Regiunile Sud Muntenia \u0219i Sud-Vest Oltenia, pe durata de 30 de luni, \u00een vederea sus\u021binerii promov\u0103rii echit\u0103\u021bii sociale.<\/p>\n\n\n\n<p><strong>Obiective specifice:<\/strong><\/p>\n\n\n\n<p><strong>OS1<\/strong>: dezvoltarea pe o perioad\u0103 de 30 de luni a unor programe de formare \u00een vederea dob\u00e2ndirii de competen\u021be digitale, structurate pe niveluri, bazate pe o evaluare ini\u021bial\u0103 individual\u0103 pentru 601 de persoane cu v\u00e2rsta cuprins\u0103 \u00eentre 18 \u0219i 65 ani, care de\u021bin calitatea de angaja\u021bi cu contract individual de munc\u0103 (cu norm\u0103 \u00eentreag\u0103 sau cu timp par\u021bial), inclusiv persoane care ocup\u0103 pozi\u021bii de management, ce provin din \u00eentreprinderi publice \u0219i private, din Regiunile Sud Muntenia \u0219i Sud-Vest Oltenia;<\/p>\n\n\n\n<p><strong>OS2<\/strong>: certificarea competen\u021belor digitale a cel pu\u021bin 545 de persoane cu v\u00e2rsta cuprins\u0103 \u00eentre 18 \u0219i 65 ani care de\u021bin calitatea de angaja\u021bi ce provin din \u00eentreprinderi publice \u0219i private din Regiunile Sud Muntenia \u0219i Sud-Vest Oltenia \u00een conformitate cu prevederile OG nr. 129\/2000.<\/p>\n\n\n\n<p><strong>Rezultate obiective specifice:<\/strong><\/p>\n\n\n\n<p>&#8211; 601 angaja\u021bi beneficiaz\u0103 de evaluarea competen\u021belor digitale \u00een vederea integr\u0103rii \u0219i orient\u0103rii c\u0103tre programele de formare profesional\u0103 derulate \u00een cadrul proiectului;<\/p>\n\n\n\n<p>&#8211; 601 persoane cu v\u00e2rsta cuprins\u0103 \u00eentre 18 \u0219i 65 ani, care de\u021bin calitatea de angaja\u021bi, inclusiv persoane care ocup\u0103 pozi\u021bii de management, ce provin din \u00eentreprinderi publice \u0219i private din Regiunea Sud Muntenia si Sud-Vest Oltenia particip\u0103 la programele de formare profesional\u0103 derulate \u00een cadrul proiectului;<\/p>\n\n\n\n<p>&#8211; cel pu\u021bin 545 de angaja\u021bi din Regiunea Sud Muntenia si Sud-Vest Oltenia sunt certificate \u00een conformitate cu prevederile OG nr.129\/2000;<\/p>\n\n\n\n<p>&#8211; cel pu\u021bin 91 persoane ocup\u0103 pozi\u021bii de management ob\u021bin un certificat de absolvire \u00een conformitate cu prevederile OG nr.129\/2000;<\/p>\n\n\n\n<p>&#8211; 30 grupe de formare profesional\u0103 organizate pentru pentru \u00eembun\u0103t\u0103\u021birea competen\u021belor a 601 angaja\u021bi din Regiunea Sud Muntenia si Sud-Vest Oltenia.<\/p>\n\n\n\n<p><strong>Perioada de implementare a proiectului: <\/strong>01.06.2025 &#8211; 30.11.2027<\/p>\n\n\n\n<p><strong>Regiunile de implementare ale proiectului:<\/strong><\/p>\n\n\n\n<ul><li>Sud Muntenia<\/li><li>Sud-Vest Oltenia<\/li><\/ul>\n\n\n\n<p><strong>Grupul \u021bint\u0103<\/strong>:<\/p>\n\n\n\n<p>Grupul \u021bint\u0103 al proiectului este format din 601 persoane cu v\u00e2rsta cuprins\u0103 \u00eentre 18 \u0219i 65 ani, care de\u021bin calitatea de angaja\u021bi cu CIM (cu norm\u0103 \u00eentreag\u0103\/cu timp par\u021bial), inclusiv persoane care ocup\u0103 pozi\u021bii de m&nbsp;&nbsp;&nbsp;<\/p>\n\n\n\n<p><strong>Criterii de eligibilitate pentru persoanele care doresc s\u0103 se \u00eenscrie \u00een grupul \u021bint\u0103 al proiectului<\/strong>:<\/p>\n\n\n\n<ul><li>persoanele din grupul \u021bint\u0103 trebuie s\u0103 aib\u0103 domiciliul\/re\u0219edin\u021ba \u00een una din regiunile de implementare a proiectului respectiv, Regiunea Sud Muntenia sau Regiunea Sud-Vest Oltenia;<\/li><li>au \u00eemplinit 18 ani;<\/li><li>au v\u00e2rsta sub 65 de ani.<\/li><\/ul>\n\n\n\n<p><strong>Documente necesare la \u00eenscrierea \u00een grupul \u021bint\u0103 (GT)<\/strong>:<\/p>\n\n\n\n<ul><li>Adeverin\u021b\u0103 de la locul de munc\u0103 din care s\u0103 rezulte data emiterii acesteia, ocupa\u021bia (codul COR), norma de lucru \u0219i durata contractului de munc\u0103 sau o copie a contractului individual de munc\u0103);<\/li><li>Documente din care s\u0103 reias\u0103 calitatea de angajat care ocup\u0103 pozi\u021bie de management;<\/li><li>Copie carte de identitate;<\/li><li>Copie Certificat de na\u0219tere;<\/li><li>Copie Certificat de c\u0103s\u0103torie-unde este cazul;<\/li><li>Copie Diploma studii (nu sunt eligibile persoanele angajate f\u0103r\u0103\/cu nivel sc\u0103zut de formare (ISCED 0-2).<\/li><\/ul>\n\n\n\n<p><strong>Activit\u0103\u021bile proiectului<\/strong>:<\/p>\n\n\n\n<p><strong>Activitatea A 0.1 \u2013 Managementul general al proiectului<\/strong> (L1-L30)<\/p>\n\n\n\n<p>Dat\u0103 \u00eenceput: 01-06-2025<\/p>\n\n\n\n<p>Dat\u0103 finalizare: 30-11-2027<\/p>\n\n\n\n<p><strong>Rezultate a\u0219teptate A0.1<\/strong>:<\/p>\n\n\n\n<p>\u2022 1 Metodologie de management general al proiectului<\/p>\n\n\n\n<p>\u2022 1 Metodologie de monitorizare a proiectului \u00een implementare<\/p>\n\n\n\n<p>\u2022 1 Set proceduri de management anexate la Metodologia de management general al proiectului &#8211; planificare, organizare, monitorizare, verificare \u015fi control, inclusiv d.p.d.v. financiar<\/p>\n\n\n\n<p>\u2022 min. 36 planific\u0103ri lunare pentru organizarea \u015fi derularea activit\u0103\u0163ilor proiectului<\/p>\n\n\n\n<p>\u2022 min. 36 rapoarte\/minute asociate \u00eent\u00e2lnirilor periodice de management<\/p>\n\n\n\n<p>\u2022 min. 10 Rapoarte de monitorizare a \u00eendeplinirii rezultatelor, indicatorilor \u015fi obiectivelor<\/p>\n\n\n\n<p>\u2022 1 Raport de evaluare \u015fi monitorizare final\u0103<\/p>\n\n\n\n<p>\u2022 1 set documente asociate planific\u0103rii, organiz\u0103rii, monitoriz\u0103rii, verific\u0103rii, controlului activit\u0103\u0163ilor, precum \u015fi cu privire la comunic\u0103ri\/inform\u0103ri cu privire la stakeholderi relevan\u0163i pentru proiect<\/p>\n\n\n\n<p><strong>Activitatea A 0.2 Informare \u0219i publicitate proiect<\/strong> (L1-L30)<\/p>\n\n\n\n<p>Dat\u0103 \u00eenceput: 01-06-2025<\/p>\n\n\n\n<p>Dat\u0103 finalizare: 30-11-2027<\/p>\n\n\n\n<p><strong>Rezultate a\u0219teptate A0.2:<\/strong><\/p>\n\n\n\n<p>\u2022 1 Plan de informare, publicitate \u015fi vizibilitate a proiectului \u015fi finan\u0163atorului<\/p>\n\n\n\n<p>\u2022 1 Metodologie de identificare \u0219i selectare a GT \u00een implementare<\/p>\n\n\n\n<p>\u2022 601 persoane cu v\u00e2rsta cuprins\u0103 \u00eentre 18 \u0219i 65 ani, care de\u021bin calitatea de angaja\u021bi cu contract individual de munc\u0103 (cu norm\u0103 \u00eentreag\u0103 sau cu timp par\u021bial), inclusiv persoane care ocup\u0103 pozi\u021bii de management, ce provin din \u00eentreprinderi publice \u0219i private, recrutate \u00een grupul \u021bint\u0103 al proiectului<\/p>\n\n\n\n<p>\u2022 1 Comunicat de pres\u0103lansare proiect<\/p>\n\n\n\n<p>\u2022 1 Raport de monitorizare apari\u0163ie \u015fi diseminare comunicat lansare proiect<\/p>\n\n\n\n<p>\u2022 1 Comunicat de pres\u0103 \u00eencheiere proiect<\/p>\n\n\n\n<p>\u2022 1 Raport de monitorizare apari\u0163ie \u015fi diseminare comunicat \u00eencheiere proiect<\/p>\n\n\n\n<p>\u2022 1 pagin\u0103 de prezentare a proiectului pe website-ul solicitantului<\/p>\n\n\n\n<p>\u2022 1 pagin\u0103 de prezentare a proiectului pe re\u0163ele de socializare<\/p>\n\n\n\n<p>\u2022 1 set de materiale promo\u021bionale fizice\/virtuale (flyere de prezentare a proiectului, afi\u0219e, etc.)<\/p>\n\n\n\n<p>\u2022 1 afi\u015f (A3 format fizic \/electronic) expus la sediul solicitantului<\/p>\n\n\n\n<p>\u2022 1 re\u021bea informal\u0103 de promovare a dezvolt\u0103rii de competen\u021be angaja\u021bi\/angajatori infiin\u021bat\u0103 \u00een cadrul proiectului care implic\u0103 angaja\u021bi, angajatori, furnizori de formare profesional\u0103, furnizori de echipamente tehnologice avansate, AJOFM-uri, AJPIS-uri, institu\u021bii universitare, alti actori locali \/regionali cu atribu\u021bii \u00een domeniul form\u0103rii profesionale, Camere de comer\u021b jude\u021bene etc.<\/p>\n\n\n\n<p>\u2022 1 Raport de monitorizare publicare comunicate\/post\u0103ri\/inform\u0103ri<\/p>\n\n\n\n<p><strong>Activitatea A 0.3 Decontarea cheltuielilor indirecte<\/strong> (L1-L30)<\/p>\n\n\n\n<p>Dat\u0103 \u00eenceput: 01-06-2025<\/p>\n\n\n\n<p>Dat\u0103 finalizare: 30-11-2027<\/p>\n\n\n\n<p><strong>Rezultate a\u0219teptate A 0.3<\/strong>:<\/p>\n\n\n\n<p>\u2022 1 set proceduri specifice de decontare cheltuieli indirecte \u00een cadrul proiectului<\/p>\n\n\n\n<p>\u2022 1 set documente financiare justificative<\/p>\n\n\n\n<p><strong>Activitatea A 0.4 Identificarea, recrutarea \u0219i selectarea grupului \u021bint\u0103<\/strong> (L1-L30)<\/p>\n\n\n\n<p>Dat\u0103 \u00eenceput: 01-06-2025<\/p>\n\n\n\n<p>Dat\u0103 finalizare: 30-11-2027<\/p>\n\n\n\n<p><strong>Rezultate a\u0219teptate A0.4<\/strong>:<\/p>\n\n\n\n<p>\u2022 1 Metodologie de identificare \u0219i selectare a GT implem. \u00een cadrul proceselor de recrutare, selectare \u0219i motivare GT \u00een implementare<\/p>\n\n\n\n<p>\u2022 1 calendar al activit\u0103\u021bi de selec\u021bie GT, realizat \u0219i difuzat prin diverse mijloace accesibile GT<\/p>\n\n\n\n<p>\u2022 601 Dosare de \u00eenscriere \u015fi selectare \u00een GT \u0219i 10 dosare de rezerv\u0103<\/p>\n\n\n\n<p>\u2022 601 persoane din GT selectare \u015fi motivate pentru men\u0163inere \u00een GT + 20 persoane rezerv\u0103<\/p>\n\n\n\n<p><strong>Activitatea A1 &#8211; Evaluarea ini\u021biala a competentelor digitale ale grupului tinta la intrarea in operatiune<\/strong> (L1-L26)<\/p>\n\n\n\n<p>Dat\u0103 \u00eenceput: 01-06-2025<\/p>\n\n\n\n<p>Dat\u0103 finalizare: 31-07-2027<\/p>\n\n\n\n<p><strong>Rezultate a\u0219teptate A1<\/strong>:<\/p>\n\n\n\n<p>\u2022 1 Metodologie de evaluare ini\u021bial\u0103 a nivelului de competen\u021be digitale \u0219i de elaborare a planului individualizat de formare \u00een implementare<\/p>\n\n\n\n<p>\u2022 601 persoane cu v\u00e2rsta cuprins\u0103 \u00eentre 18 \u0219i 65 ani, care de\u021bin calitatea de angaja\u021bi cu contract individual de munc\u0103 (cu norm\u0103 \u00eentreag\u0103 sau cu timp par\u021bial), inclusiv persoane care ocup\u0103 pozi\u021bii de management, ce provin din \u00eentreprinderi publice \u0219i private evaluate ini\u021bial din punct de vedere al competen\u021belor digitale<\/p>\n\n\n\n<p>\u2022 601 rapoarte de evaluarea cuno\u0219tin\u021belor, competen\u021belor digitale ale persoanelor care intr\u0103 \u00een GT<\/p>\n\n\n\n<p>\u2022 601 planuri personalizate de formare profesional\u0103 \u00een vederea dob\u00e2ndirii competentelor digitale necesare pentru accederea la locurile de munc\u0103 care presupun competen\u021be digitale<\/p>\n\n\n\n<p><strong>Activitatea A2 \u2013 Furnizarea de programe de formare profesionala in vederea dob\u00e2ndirii de competen\u021be digitale<\/strong> (L2-L30)<\/p>\n\n\n\n<p>Dat\u0103 \u00eenceput: 01-07-2025<\/p>\n\n\n\n<p>Dat\u0103 finalizare: 30-11-2027<\/p>\n\n\n\n<p><strong>Rezultate a\u0219teptate A2<\/strong>:<\/p>\n\n\n\n<p>\u2022 min.25 gr. de formare pentru \u201eOperator introducere, validare \u0219i prelucrare date\u201d (120\/156 ore) \u0219i pt. curs \u201eManager securitatea informa\u021biei\u201d (COR121118) (180 ore)\u201d<\/p>\n\n\n\n<p>\u2022 min. 4 gr. de formare pentru \u201eManager securitatea informa\u021biei (COR121118)\u201d<\/p>\n\n\n\n<p>\u2022 601 angaja\u021bi care particip\u0103 la programe de formare profesional\u0103<\/p>\n\n\n\n<p>\u2022 200 persoane din GT particip\u0103 la cursul de \u201eOperator introducere, validare \u0219i prelucrare date\u201d (120 ore) organizat de Solicitant<\/p>\n\n\n\n<p>\u2022 110 \u0219i prelucrare date\u201d (120 ore) organizat de Partener<\/p>\n\n\n\n<p>\u2022 200 persoane din GT particip\u0103 la cursul de \u201eOperator introducere, validare \u0219i prelucrare date\u201d (156 ore) organizat de Partener<\/p>\n\n\n\n<p>\u2022 91 persoane din GT (persoane care ocup\u0103 pozi\u021bii de management) particip\u0103 la cursul de\u0219i prelucrare date\u201d (120 ore) organizat de Partener<\/p>\n\n\n\n<p>\u2022 200 persoane din GT particip\u0103 la cursul de \u201eOperator introducere, validare \u0219i prelucrare date\u201d (156 ore) organizat de Partener<\/p>\n\n\n\n<p>\u2022 91 persoane din GT (persoane care ocup\u0103 pozi\u021bii de management) particip\u0103 la cursul de \u201eManager securitatea informa\u021biei (COR 121118)\u201d (180 ore) organizat de Solicitant<\/p>\n\n\n\n<p>\u2022 cel pu\u021bin 545 angaja\u021bi sunt certifica\u021bi la finalul finaliz\u0103rii programelor de formare profesional\u0103 derulate \u00een conformitate cu prevederile OG nr.129\/2000 privind formarea profesionala a adultilor de tip perfectionare \/specializare sau calificare;<\/p>\n\n\n\n<p>\u2022 1 map\u0103 virtual\u0103 a cursantului distribuit\u0103 cursantilor pentru fiecare tip de program de formare derulat \u00een cadrul proiectului;<\/p>\n\n\n\n<p>\u2022 1 modul integrat \u00een designul programelor de formare cu titlul \u201ePrincipii orizontale \u0219i teme secundare promovate \u00een cadrul programelor de formare profesional\u0103<\/p>\n\n\n\n<p><strong>CURSURILE DE FORMARE PROFESIONAL\u0102 ORGANIZATE \u00ceN CADRUL PROIECTULUI:<\/strong><\/p>\n\n\n\n<p>\u2022 Program de formare pentru \u201eOperator introducere, validare \u0219i prelucrare date\u201d (120\/156 ORE)<\/p>\n\n\n\n<p>-Modulul 4 \u201eProtec\u021bia datelor cu caracter personal\u201d (M4 &#8211; 36 ORE, Teorie &#8211; 12 ORE, Practic\u0103 &#8211; 24 ORE, online\/fizic)<\/p>\n\n\n\n<p>-Modulul 5 \u201eUtilizarea dispozitivelor hardware \u0219i aplica\u021biilor software specifice domeniului\u201d (M5 &#8211; 72 ORE, Teorie &#8211; 24 ORE, Practic\u0103 \u2013 48 ORE, online\/fizic)<\/p>\n\n\n\n<p>&#8211; Modulul 6 \u201eAplicarea politicilor de securitate informatic\u0103\u201d (M6 \u2013 48 ORE, Teorie &#8211; 16 <a>ORE<\/a>, Practic\u0103 &#8211; 32 ORE, online\/fizic)<\/p>\n\n\n\n<p>\u2022 Program de formare pentru \u201eManager securitatea informa\u021biei\u201d &#8211; COR 121118- (180 ORE)<\/p>\n\n\n\n<p><strong>INDICATORI DE REALIZARE \u0218I DE REZULTAT<\/strong><\/p>\n\n\n\n<p>Indicatori de realizare_EECO01_Num\u0103r total de participan\u021bi (num\u0103r persoane) Regiune mai putin dezvoltata &#8211; \u021aint\u0103: 601 persoane.<\/p>\n\n\n\n<p>Indicatori de rezultat_5SR01_Participan\u021bi care au finalizat formarea cu certificat\/care au participat la schimb de bune practici\/ instruiri (num\u0103r persoane) Regiune mai putin dezvoltata &#8211; \u021aint\u0103: 545 persoane.<\/p>\n\n\n\n<p><strong>Valoarea total\u0103 eligibil\u0103 a proiectului: <\/strong>4 975 857.77 LEI, din care 4 122 054.75 LEI reprezint\u0103 valoarea eligibil\u0103 nerambursabil\u0103 din FSE+, 727 421.43 LEI reprezint\u0103 valoarea eligibil\u0103 nerambursabil\u0103 din bugetul na\u021bional \u0219i 126 381.59 LEI reprezint\u0103 cofinan\u021barea parteneriatului.<\/p>\n\n\n\n<p><strong>Date de contact<\/strong>:<\/p>\n\n\n\n<p><strong>Beneficiar proiect: GLOBAL COMMERCIUM DEVELOPMENT SRL<\/strong><\/p>\n\n\n\n<p>Date contact: Bucure\u0219ti, Str. Clucerului nr.55, etaj 3, ap. 7-9, sector 1, cod po\u0219tal 011364<\/p>\n\n\n\n<p>Website: www.globalcommercium.ro<\/p>\n\n\n\n<p>Adresa de e-mail: info@globalcommercium.ro<\/p>\n\n\n\n<p><strong>Partener proiect: ASOCIA\u021aIA DE TINERET PENTRU \u00ceNV\u0102\u021a\u0102M\u00c2NT \u0218I \u0218TIINT\u0102 SOLARIS<\/strong><\/p>\n\n\n\n<p>Date contact: Pite\u0219ti, Str. Mihai Eminescu, nr.11, Cl\u0103direa SECONA, etaj 2, cod po\u0219tal 110109, jude\u021bul Arge\u0219.<\/p>\n\n\n\n<p>Adresa de e-mail: cursuricalificaresolaris@gmail.com<\/p>\n\n\n\n<div class=\"wp-block-file\"><object class=\"wp-block-file__embed\" data=\"https:\/\/globalcommercium.ro\/wp-content\/uploads\/2025\/08\/GCD_COMUNICAT_PRESA_PROIECT_ID-337083.pdf\" type=\"application\/pdf\" style=\"width:100%;height:600px\" aria-label=\"\u00cenglobare pentru GCD_COMUNICAT_PRESA_PROIECT_ID-337083.\"><\/object><a href=\"https:\/\/globalcommercium.ro\/wp-content\/uploads\/2025\/08\/GCD_COMUNICAT_PRESA_PROIECT_ID-337083.pdf\">GCD_COMUNICAT_PRESA_PROIECT_ID-337083<\/a><a href=\"https:\/\/globalcommercium.ro\/wp-content\/uploads\/2025\/08\/GCD_COMUNICAT_PRESA_PROIECT_ID-337083.pdf\" class=\"wp-block-file__button\" download>Descarc\u0103<\/a><\/div>\n","protected":false},"excerpt":{"rendered":"<p>ID 337083 Lider: GLOBAL COMMERCIUM DEVELOPMENT SRL &nbsp;&nbsp;&nbsp;&nbsp;&nbsp;&nbsp;&nbsp;&nbsp;&nbsp;&nbsp;&nbsp;&nbsp;&nbsp; Partener: ASOCIA\u021aIA DE TINERET PENTRU \u00ceNV\u0102\u021a\u0102M\u00c2NT \u0218I \u0218TIIN\u021a\u0102 SOLARIS &nbsp;&nbsp;&nbsp;&nbsp;&nbsp;&nbsp;&nbsp;&nbsp;&nbsp;&nbsp;&nbsp;&nbsp;&nbsp;&nbsp;&nbsp; Proiect cofinan\u0163at de Uniunea European\u0103 prin Fondul Social European Plus (FSE+) Programul [&hellip;]<\/p>\n","protected":false},"author":1,"featured_media":1992,"comment_status":"closed","ping_status":"closed","sticky":false,"template":"","format":"standard","meta":[],"categories":[13],"tags":[],"_links":{"self":[{"href":"http:\/\/globalcommercium.ro\/index.php?rest_route=\/wp\/v2\/posts\/1990"}],"collection":[{"href":"http:\/\/globalcommercium.ro\/index.php?rest_route=\/wp\/v2\/posts"}],"about":[{"href":"http:\/\/globalcommercium.ro\/index.php?rest_route=\/wp\/v2\/types\/post"}],"author":[{"embeddable":true,"href":"http:\/\/globalcommercium.ro\/index.php?rest_route=\/wp\/v2\/users\/1"}],"replies":[{"embeddable":true,"href":"http:\/\/globalcommercium.ro\/index.php?rest_route=%2Fwp%2Fv2%2Fcomments&post=1990"}],"version-history":[{"count":2,"href":"http:\/\/globalcommercium.ro\/index.php?rest_route=\/wp\/v2\/posts\/1990\/revisions"}],"predecessor-version":[{"id":1994,"href":"http:\/\/globalcommercium.ro\/index.php?rest_route=\/wp\/v2\/posts\/1990\/revisions\/1994"}],"wp:featuredmedia":[{"embeddable":true,"href":"http:\/\/globalcommercium.ro\/index.php?rest_route=\/wp\/v2\/media\/1992"}],"wp:attachment":[{"href":"http:\/\/globalcommercium.ro\/index.php?rest_route=%2Fwp%2Fv2%2Fmedia&parent=1990"}],"wp:term":[{"taxonomy":"category","embeddable":true,"href":"http:\/\/globalcommercium.ro\/index.php?rest_route=%2Fwp%2Fv2%2Fcategories&post=1990"},{"taxonomy":"post_tag","embeddable":true,"href":"http:\/\/globalcommercium.ro\/index.php?rest_route=%2Fwp%2Fv2%2Ftags&post=1990"}],"curies":[{"name":"wp","href":"https:\/\/api.w.org\/{rel}","templated":true}]}}