{"id":1594,"date":"2023-01-16T12:54:00","date_gmt":"2023-01-16T12:54:00","guid":{"rendered":"https:\/\/globalcommercium.ro\/?p=1594"},"modified":"2023-03-16T12:58:27","modified_gmt":"2023-03-16T12:58:27","slug":"comunicat-de-presa-la-inceperea-proiectuluireinvent-sa-ne-reinventam-pe-piata-muncii-id-157432","status":"publish","type":"post","link":"http:\/\/globalcommercium.ro\/?p=1594","title":{"rendered":"Comunicat de presa la inceperea proiectului<br>REINVENT! &#8211; Sa ne reinventam pe piata muncii! &#8211; ID 157432"},"content":{"rendered":"\n<figure class=\"wp-block-image size-full\"><img loading=\"lazy\" width=\"1163\" height=\"190\" src=\"http:\/\/globalcommercium.ro\/wp-content\/uploads\/2020\/03\/sigle.png\" alt=\"\" class=\"wp-image-1131\"\/><\/figure>\n\n\n\n<p>S.C. Global Commercium Development S.R.L., \u00een calitate de beneficiar, \u00een parteneriat cu Centrul Regional de Formare Profesionala a Adul\u0163ilor C\u0103l\u0103ra\u015fi, anun\u021b\u0103 \u00eenceperea implement\u0103rii proiectului REINVENT! &#8211; Sa ne reinventam pe piata muncii! &#8211; ID 157432. Obiectivul general al proiectului urm\u0103re\u0219te cre\u0219terea gradului de ocupare \u0219i a nivelului de competen\u021be a cel pu\u021bin a 202 \u015fomeri si persoane inactive, din regiunile Sud Muntenia si Centru, prin asistare complexa&amp;personalizata si integrata (informare, formare, servicii specializate pentru ocupare, munca independenta etc.).<\/p>\n\n\n\n<p><br>Activit\u0103\u021bile proiectului se deruleaz\u0103 pe o perioad\u0103 de 12 luni, ianuarie 2023\u2013 decembrie 2023, \u00een regiunile Centru \u0219i Sud Muntenia, \u0219i vor presupune, printre altele:<br>\u2192 desf\u0103\u0219urarea unei campanii de informare \u0219i promovare \u00een r\u00e2ndul \u015fomerilor \u015fi persoanelor inactive;<br>\u2192 organizarea \u0219i derularea de programe de formare profesional\u0103 continu\u0103 a adul\u021bilor;<br>\u2192 furnizarea de servicii specializate pentru stimularea ocup\u0103rii;<br>\u2192 activit\u0103\u0163i de acompaniere, servicii de asisten\u0163\u0103 (cre\u015f\u0103, afterschool, acompaniere) pentru persoanele aflate \u00een \u00eengrijirea persoanei din grupul tinta, pe durata prezen\u0163ei acestuia la locul de munc\u0103, pe perioada implementarii proiectului; un sprijin \u00een natur\u0103 pentru angajare, const\u00e2nd \u00een echipament de lucru, trus\u0103 profesional\u0103 \u0219i\/sau alte materiale adaptate specificului locului de munc\u0103, pe care urmeaz\u0103 s\u0103-l ocupe membrul grupului \u0163int\u0103.<br>Grupul \u021aint\u0103 este alc\u0103tuit din 202 \u015fomeri \u015fi persoane inactive, din cele 2 regiuni vizate, cu accent pe \u015fomerii de lunga durata, lucratorii varstnici (55-64 ani), persoanele cu dizabilitati, persoanele cu nivel redus de educatie.<\/p>\n\n\n\n<p><br>Rezultatele principale ale proiectului sunt urm\u0103toarele:<br>\u25cf cel pu\u021bin 202 \u015fomeri \u015fi persoane inactive beneficiaza de sesiuni de consiliere profesionala\/dezvoltare personal\u0103 \u015fi cre\u015fterea stimei de sine si activit\u0103\u0163i de mediere pentru intrarea pe pia\u0163a muncii;<br>\u25cf cel pu\u021bin 200 participanti la cele 2 burse ale locurilor de munca organizate;<br>\u25cf 202 persoane sunt integrate in programe de formare profesional\u0103 a adul\u0163ilor (cursuri de ini\u0163iere, calificare, recalificare, perfec\u0163ionare sau specializare);<br>\u25cf 10 persoane angajate primesc servicii de asistenta si sprijin in natura pentru angajare.<br>Valoarea total\u0103 a proiectului: 3,916,562.59 lei<\/p>\n\n\n\n<p><br>Date de contact: Manager Proiect: Com\u0103ni\u021b\u0103 Daniel, Global Commercium Development S.R.L., Telefon: 0371600421, E-mail: info@globalcommercium.ro.<\/p>\n\n\n\n<p><strong>Proiect co-finan\u021bat din Fondul Social European prin Programul Opera\u021bional Capital Uman 2014 \u2013 2020<\/strong><\/p>\n\n\n\n<div class=\"wp-block-file\"><object class=\"wp-block-file__embed\" data=\"https:\/\/globalcommercium.ro\/wp-content\/uploads\/2023\/03\/Comunicat_de_Presa_incepere-proiect-157432-16-ian-2023.pdf\" type=\"application\/pdf\" style=\"width:100%;height:600px\" aria-label=\"\u00cenglobare pentru Comunicat_de_Presa_incepere-proiect-157432-16-ian-2023.\"><\/object><a href=\"https:\/\/globalcommercium.ro\/wp-content\/uploads\/2023\/03\/Comunicat_de_Presa_incepere-proiect-157432-16-ian-2023.pdf\">Comunicat_de_Presa_incepere-proiect-157432-16-ian-2023<\/a><a href=\"https:\/\/globalcommercium.ro\/wp-content\/uploads\/2023\/03\/Comunicat_de_Presa_incepere-proiect-157432-16-ian-2023.pdf\" class=\"wp-block-file__button\" download>Descarc\u0103<\/a><\/div>\n","protected":false},"excerpt":{"rendered":"<p>S.C. Global Commercium Development S.R.L., \u00een calitate de beneficiar, \u00een parteneriat cu Centrul Regional de Formare Profesionala a Adul\u0163ilor C\u0103l\u0103ra\u015fi, anun\u021b\u0103 \u00eenceperea implement\u0103rii proiectului REINVENT! &#8211; Sa ne reinventam pe [&hellip;]<\/p>\n","protected":false},"author":1,"featured_media":0,"comment_status":"closed","ping_status":"closed","sticky":false,"template":"","format":"standard","meta":[],"categories":[11],"tags":[],"_links":{"self":[{"href":"http:\/\/globalcommercium.ro\/index.php?rest_route=\/wp\/v2\/posts\/1594"}],"collection":[{"href":"http:\/\/globalcommercium.ro\/index.php?rest_route=\/wp\/v2\/posts"}],"about":[{"href":"http:\/\/globalcommercium.ro\/index.php?rest_route=\/wp\/v2\/types\/post"}],"author":[{"embeddable":true,"href":"http:\/\/globalcommercium.ro\/index.php?rest_route=\/wp\/v2\/users\/1"}],"replies":[{"embeddable":true,"href":"http:\/\/globalcommercium.ro\/index.php?rest_route=%2Fwp%2Fv2%2Fcomments&post=1594"}],"version-history":[{"count":1,"href":"http:\/\/globalcommercium.ro\/index.php?rest_route=\/wp\/v2\/posts\/1594\/revisions"}],"predecessor-version":[{"id":1596,"href":"http:\/\/globalcommercium.ro\/index.php?rest_route=\/wp\/v2\/posts\/1594\/revisions\/1596"}],"wp:attachment":[{"href":"http:\/\/globalcommercium.ro\/index.php?rest_route=%2Fwp%2Fv2%2Fmedia&parent=1594"}],"wp:term":[{"taxonomy":"category","embeddable":true,"href":"http:\/\/globalcommercium.ro\/index.php?rest_route=%2Fwp%2Fv2%2Fcategories&post=1594"},{"taxonomy":"post_tag","embeddable":true,"href":"http:\/\/globalcommercium.ro\/index.php?rest_route=%2Fwp%2Fv2%2Ftags&post=1594"}],"curies":[{"name":"wp","href":"https:\/\/api.w.org\/{rel}","templated":true}]}}